{"id":2820,"date":"2024-01-24T10:00:30","date_gmt":"2024-01-24T09:00:30","guid":{"rendered":"https:\/\/www.chaisepro.fr\/blog\/?p=2820"},"modified":"2024-01-24T10:00:31","modified_gmt":"2024-01-24T09:00:31","slug":"tendance-actuelle-decorer-chambre-en-vert-sauge","status":"publish","type":"post","link":"https:\/\/www.chaisepro.fr\/blog\/tendance-actuelle-decorer-chambre-en-vert-sauge","title":{"rendered":"La tendance du vert sauge dans la d\u00e9coration de chambre"},"content":{"rendered":"\n<figure class=\"wp-block-image size-large\"><a href=\"https:\/\/www.chaisepro.fr\/blog\/wp-content\/uploads\/2023\/06\/composicion-elegante-interior-sala-estar-moderna-mock-up-poster-frame-estante-madera-sofa-moderno-accesorios-personales-creativos-pared-eucalipto-home-staging-plantilla-espacio-copia-1.jpg\"><img loading=\"lazy\" decoding=\"async\" width=\"1024\" height=\"683\" src=\"https:\/\/www.chaisepro.fr\/blog\/wp-content\/uploads\/2023\/06\/composicion-elegante-interior-sala-estar-moderna-mock-up-poster-frame-estante-madera-sofa-moderno-accesorios-personales-creativos-pared-eucalipto-home-staging-plantilla-espacio-copia-1-1024x683.jpg\" alt=\"chambre-vert-sauge\" class=\"wp-image-2682\" srcset=\"https:\/\/www.chaisepro.fr\/blog\/wp-content\/uploads\/2023\/06\/composicion-elegante-interior-sala-estar-moderna-mock-up-poster-frame-estante-madera-sofa-moderno-accesorios-personales-creativos-pared-eucalipto-home-staging-plantilla-espacio-copia-1-1024x683.jpg 1024w, https:\/\/www.chaisepro.fr\/blog\/wp-content\/uploads\/2023\/06\/composicion-elegante-interior-sala-estar-moderna-mock-up-poster-frame-estante-madera-sofa-moderno-accesorios-personales-creativos-pared-eucalipto-home-staging-plantilla-espacio-copia-1-300x200.jpg 300w, https:\/\/www.chaisepro.fr\/blog\/wp-content\/uploads\/2023\/06\/composicion-elegante-interior-sala-estar-moderna-mock-up-poster-frame-estante-madera-sofa-moderno-accesorios-personales-creativos-pared-eucalipto-home-staging-plantilla-espacio-copia-1-768x512.jpg 768w, https:\/\/www.chaisepro.fr\/blog\/wp-content\/uploads\/2023\/06\/composicion-elegante-interior-sala-estar-moderna-mock-up-poster-frame-estante-madera-sofa-moderno-accesorios-personales-creativos-pared-eucalipto-home-staging-plantilla-espacio-copia-1.jpg 1200w\" sizes=\"(max-width: 1024px) 100vw, 1024px\" \/><\/a><\/figure>\n\n\n\n<p>La d\u00e9coration d&#8217;une chambre est un \u00e9l\u00e9ment essentiel pour cr\u00e9er une atmosph\u00e8re relaxante et harmonieuse. Une tendance r\u00e9cente du 2024 qui gagne en popularit\u00e9 est <strong>l&#8217;utilisation du vert sauge<\/strong>. Cette teinte subtile et apaisante apporte une touche de fra\u00eecheur et de s\u00e9r\u00e9nit\u00e9 \u00e0 votre espace de vie. Dans cet article, nous explorerons la tendance du vert sauge dans la <strong>d\u00e9coration de chambre<\/strong>, en mettant l&#8217;accent sur l&#8217;importance d&#8217;un espace de travail ergonomique.<\/p>\n\n\n\n<hr class=\"wp-block-separator has-alpha-channel-opacity\"\/>\n\n\n\n<h2 class=\"wp-block-heading\">Vert sauge chambre: une palette de couleurs apaisante<\/h2>\n\n\n\n<p>Le vert sauge est une nuance de vert douce et d\u00e9licate, rappelant les feuilles des plantes. Il s&#8217;agit d&#8217;une <strong>couleur neutre<\/strong> qui se marie facilement avec d&#8217;autres tons, tels que le blanc, le beige ou le gris. Utilis\u00e9 comme couleur principale dans une chambre, le vert sauge cr\u00e9e une atmosph\u00e8re apaisante et propice \u00e0 la d\u00e9tente. Il est id\u00e9al pour les personnes qui recherchent une ambiance naturelle et harmonieuse.<\/p>\n\n\n\n<h3 class=\"wp-block-heading\">D\u00e9co chambre vert sauge: des id\u00e9es inspirantes<\/h3>\n\n\n\n<p>Pour incorporer le vert sauge dans votre chambre, vous pouvez commencer par les murs. Une <strong>peinture vert sauge sur un mur principal <\/strong>apportera une dose subtile de couleur sans \u00eatre trop \u00e9crasante. Vous pouvez \u00e9galement opter pour des accessoires et des \u00e9l\u00e9ments de d\u00e9coration dans cette teinte, tels que des coussins, des rideaux ou des tapis.<\/p>\n\n\n\n<p>Pour ajouter une touche de modernit\u00e9 \u00e0 votre chambre verte sauge, vous pouvez int\u00e9grer des \u00e9l\u00e9ments de d\u00e9coration <strong>m\u00e9talliques<\/strong>, tels que des cadres de tableau ou des luminaires en laiton ou en cuivre. Cela cr\u00e9era un contraste int\u00e9ressant avec la douceur du vert sauge.<\/p>\n\n\n\n<h3 class=\"wp-block-heading\">Cr\u00e9ez un espace de travail ergonomique dans votre chambre<\/h3>\n\n\n\n<p>Cette 2024, dans notre monde moderne o\u00f9 <strong>le t\u00e9l\u00e9travail est de plus en plus courant<\/strong>, il est essentiel d&#8217;am\u00e9nager un espace de travail ergonomique dans votre chambre. Un petit coin d\u00e9di\u00e9 \u00e0 votre bureau et une chaise ergonomique vous permettront de travailler confortablement et efficacement.<\/p>\n\n\n\n<p>Chez ChaisePro, nous comprenons l&#8217;importance d&#8217;un<strong> bon soutien du dos<\/strong> et d&#8217;une <a href=\"https:\/\/www.chaisepro.fr\/blog\/comment-ameliorer-geste-et-posture-au-travail\">posture correcte <\/a>pendant les heures de travail. Nous recommandons notre chaise ergonomique mod\u00e8le <a href=\"https:\/\/www.chaisepro.fr\/chaise-ergonomique-victory-100-ajustable-utilisation-intensive-8h-en-maille-noir.html\">VICTORY<\/a>, dot\u00e9e d&#8217;un support lombaire r\u00e9glable et d&#8217;accoudoirs ajustables. Cette chaise vous offrira un soutien optimal tout en ajoutant une touche \u00e9l\u00e9gante \u00e0 votre chambre verte sauge.<\/p>\n\n\n\n<figure class=\"wp-block-image size-large is-resized\"><a href=\"https:\/\/www.chaisepro.fr\/blog\/wp-content\/uploads\/2023\/06\/pl_1_1_10186.jpeg\"><img loading=\"lazy\" decoding=\"async\" width=\"1024\" height=\"1024\" src=\"https:\/\/www.chaisepro.fr\/blog\/wp-content\/uploads\/2023\/06\/pl_1_1_10186-1024x1024.jpeg\" alt=\"\" class=\"wp-image-2649\" style=\"width:337px;height:337px\" srcset=\"https:\/\/www.chaisepro.fr\/blog\/wp-content\/uploads\/2023\/06\/pl_1_1_10186-1024x1024.jpeg 1024w, https:\/\/www.chaisepro.fr\/blog\/wp-content\/uploads\/2023\/06\/pl_1_1_10186-300x300.jpeg 300w, https:\/\/www.chaisepro.fr\/blog\/wp-content\/uploads\/2023\/06\/pl_1_1_10186-150x150.jpeg 150w, https:\/\/www.chaisepro.fr\/blog\/wp-content\/uploads\/2023\/06\/pl_1_1_10186-768x768.jpeg 768w, https:\/\/www.chaisepro.fr\/blog\/wp-content\/uploads\/2023\/06\/pl_1_1_10186-1536x1536.jpeg 1536w, https:\/\/www.chaisepro.fr\/blog\/wp-content\/uploads\/2023\/06\/pl_1_1_10186-2048x2048.jpeg 2048w\" sizes=\"(max-width: 1024px) 100vw, 1024px\" \/><\/a><\/figure>\n\n\n\n<h3 class=\"wp-block-heading\">Ajoutez une touche de style avec un paravent vintage<\/h3>\n\n\n\n<p>Pour compl\u00e9ter votre d\u00e9coration de chambre verte sauge, nous vous recommandons d&#8217;ajouter une touche de style avec un paravent vintage. Notre paravent <a href=\"https:\/\/www.chaisepro.fr\/paravent-4-panneaux-vintage-zen-180x160x25cm-structure-en-bois.html\">VINTAGE ZEN<\/a> est l&#8217;accessoire parfait pour cr\u00e9er une <strong>s\u00e9paration \u00e9l\u00e9gante<\/strong> dans votre chambre tout en ajoutant une touche r\u00e9tro et artistique \u00e0 votre espace.<\/p>\n\n\n\n<figure class=\"wp-block-image size-large is-resized\"><a href=\"https:\/\/www.chaisepro.fr\/blog\/wp-content\/uploads\/2023\/06\/pl_1_1_2856.jpeg\"><img loading=\"lazy\" decoding=\"async\" width=\"1024\" height=\"1024\" src=\"https:\/\/www.chaisepro.fr\/blog\/wp-content\/uploads\/2023\/06\/pl_1_1_2856-1024x1024.jpeg\" alt=\"\" class=\"wp-image-2681\" style=\"width:339px;height:339px\" srcset=\"https:\/\/www.chaisepro.fr\/blog\/wp-content\/uploads\/2023\/06\/pl_1_1_2856-1024x1024.jpeg 1024w, https:\/\/www.chaisepro.fr\/blog\/wp-content\/uploads\/2023\/06\/pl_1_1_2856-300x300.jpeg 300w, https:\/\/www.chaisepro.fr\/blog\/wp-content\/uploads\/2023\/06\/pl_1_1_2856-150x150.jpeg 150w, https:\/\/www.chaisepro.fr\/blog\/wp-content\/uploads\/2023\/06\/pl_1_1_2856-768x768.jpeg 768w, https:\/\/www.chaisepro.fr\/blog\/wp-content\/uploads\/2023\/06\/pl_1_1_2856-1536x1536.jpeg 1536w, https:\/\/www.chaisepro.fr\/blog\/wp-content\/uploads\/2023\/06\/pl_1_1_2856-2048x2048.jpeg 2048w\" sizes=\"(max-width: 1024px) 100vw, 1024px\" \/><\/a><\/figure>\n\n\n\n<p>Avec sa structure en bois et ses <strong>4 panneaux<\/strong>, ce paravent offre non seulement une fonctionnalit\u00e9 pratique, mais il est \u00e9galement un \u00e9l\u00e9ment de d\u00e9coration \u00e0 part enti\u00e8re. Vous pouvez l&#8217;utiliser pour d\u00e9limiter un espace d\u00e9di\u00e9 \u00e0 votre coin <strong>bureau<\/strong> ou pour cr\u00e9er une ambiance intime dans votre coin d\u00e9tente.<\/p>\n\n\n\n<p>Le paravent Vintage Zen mesure 180x160x25cm, ce qui lui permet de s&#8217;adapter facilement \u00e0 diff\u00e9rents espaces de votre chambre. Son design vintage et son charme intemporel en font un choix id\u00e9al pour les amateurs de d\u00e9coration r\u00e9tro et boh\u00e8me.<\/p>\n\n\n\n<hr class=\"wp-block-separator has-alpha-channel-opacity\"\/>\n\n\n\n<h2 class=\"wp-block-heading\">Cr\u00e9ez votre oasis verte sauge avec style et confort avec Chaisepro<\/h2>\n\n\n\n<p>En ajoutant ce paravent vintage \u00e0 votre chambre verte sauge, vous cr\u00e9erez un espace unique, rempli&nbsp;de caract\u00e8re et d&#8217;originalit\u00e9. Laissez libre cours \u00e0 votre cr\u00e9ativit\u00e9 et personnalisez votre chambre selon vos go\u00fbts et votre style.<\/p>\n\n\n\n<p>En int\u00e9grant la tendance du 2024 du vert sauge \u00e0 votre d\u00e9coration de chambre, vous cr\u00e9erez un espace paisible et \u00e9l\u00e9gant, propice \u00e0 la d\u00e9tente et \u00e0 la productivit\u00e9. N&#8217;oubliez pas d&#8217;optimiser votre espace de travail avec une chaise ergonomique de qualit\u00e9 pour pr\u00e9server votre bien-\u00eatre t<\/p>\n<!-- AddThis Advanced Settings generic via filter on the_content --><!-- AddThis Share Buttons generic via filter on the_content -->","protected":false},"excerpt":{"rendered":"<p>La d\u00e9coration d&#8217;une chambre est un \u00e9l\u00e9ment essentiel pour cr\u00e9er une atmosph\u00e8re relaxante et harmonieuse. Une tendance r\u00e9cente du 2024&hellip; <a class=\"more-link\" href=\"https:\/\/www.chaisepro.fr\/blog\/tendance-actuelle-decorer-chambre-en-vert-sauge\">[+info]<\/a><\/span><!-- AddThis Advanced Settings generic via filter on get_the_excerpt --><!-- AddThis Share Buttons generic via filter on get_the_excerpt --><\/p>\n","protected":false},"author":1,"featured_media":2682,"comment_status":"open","ping_status":"open","sticky":false,"template":"","format":"standard","meta":{"_acf_changed":false,"footnotes":""},"categories":[5],"tags":[],"class_list":["post-2820","post","type-post","status-publish","format-standard","has-post-thumbnail","hentry","category-conseils"],"acf":[],"yoast_head":"<!-- This site is optimized with the Yoast SEO plugin v23.3 - https:\/\/yoast.com\/wordpress\/plugins\/seo\/ -->\n<title>Tendance 2023: d\u00e9corer sa chambre en vert sauge | Chaisepro.fr<\/title>\n<meta name=\"description\" content=\"D\u00e9couvrez la tendance vert sauge dans la d\u00e9coration de chambre. Cr\u00e9ez un espace styl\u00e9 avec des accessoires et un paravent vintage.\" \/>\n<meta name=\"robots\" content=\"index, follow, max-snippet:-1, max-image-preview:large, max-video-preview:-1\" \/>\n<link rel=\"canonical\" href=\"https:\/\/www.chaisepro.fr\/blog\/tendance-actuelle-decorer-chambre-en-vert-sauge\" \/>\n<meta property=\"og:locale\" content=\"fr_FR\" \/>\n<meta property=\"og:type\" content=\"article\" \/>\n<meta property=\"og:title\" content=\"Tendance 2023: d\u00e9corer sa chambre en vert sauge | Chaisepro.fr\" \/>\n<meta property=\"og:description\" content=\"D\u00e9couvrez la tendance vert sauge dans la d\u00e9coration de chambre. Cr\u00e9ez un espace styl\u00e9 avec des accessoires et un paravent vintage.\" \/>\n<meta property=\"og:url\" content=\"https:\/\/www.chaisepro.fr\/blog\/tendance-actuelle-decorer-chambre-en-vert-sauge\" \/>\n<meta property=\"article:published_time\" content=\"2024-01-24T09:00:30+00:00\" \/>\n<meta property=\"article:modified_time\" content=\"2024-01-24T09:00:31+00:00\" \/>\n<meta property=\"og:image\" content=\"https:\/\/www.chaisepro.fr\/blog\/wp-content\/uploads\/2023\/06\/composicion-elegante-interior-sala-estar-moderna-mock-up-poster-frame-estante-madera-sofa-moderno-accesorios-personales-creativos-pared-eucalipto-home-staging-plantilla-espacio-copia-1.jpg\" \/>\n\t<meta property=\"og:image:width\" content=\"1200\" \/>\n\t<meta property=\"og:image:height\" content=\"800\" \/>\n\t<meta property=\"og:image:type\" content=\"image\/jpeg\" \/>\n<meta name=\"author\" content=\"Ofisillas\" \/>\n<meta name=\"twitter:label1\" content=\"\u00c9crit par\" \/>\n\t<meta name=\"twitter:data1\" content=\"Ofisillas\" \/>\n\t<meta name=\"twitter:label2\" content=\"Dur\u00e9e de lecture estim\u00e9e\" \/>\n\t<meta name=\"twitter:data2\" content=\"4 minutes\" \/>\n<!-- \/ Yoast SEO plugin. -->","yoast_head_json":{"title":"Tendance 2023: d\u00e9corer sa chambre en vert sauge | Chaisepro.fr","description":"D\u00e9couvrez la tendance vert sauge dans la d\u00e9coration de chambre. Cr\u00e9ez un espace styl\u00e9 avec des accessoires et un paravent vintage.","robots":{"index":"index","follow":"follow","max-snippet":"max-snippet:-1","max-image-preview":"max-image-preview:large","max-video-preview":"max-video-preview:-1"},"canonical":"https:\/\/www.chaisepro.fr\/blog\/tendance-actuelle-decorer-chambre-en-vert-sauge","og_locale":"fr_FR","og_type":"article","og_title":"Tendance 2023: d\u00e9corer sa chambre en vert sauge | Chaisepro.fr","og_description":"D\u00e9couvrez la tendance vert sauge dans la d\u00e9coration de chambre. Cr\u00e9ez un espace styl\u00e9 avec des accessoires et un paravent vintage.","og_url":"https:\/\/www.chaisepro.fr\/blog\/tendance-actuelle-decorer-chambre-en-vert-sauge","article_published_time":"2024-01-24T09:00:30+00:00","article_modified_time":"2024-01-24T09:00:31+00:00","og_image":[{"width":1200,"height":800,"url":"https:\/\/www.chaisepro.fr\/blog\/wp-content\/uploads\/2023\/06\/composicion-elegante-interior-sala-estar-moderna-mock-up-poster-frame-estante-madera-sofa-moderno-accesorios-personales-creativos-pared-eucalipto-home-staging-plantilla-espacio-copia-1.jpg","type":"image\/jpeg"}],"author":"Ofisillas","twitter_misc":{"\u00c9crit par":"Ofisillas","Dur\u00e9e de lecture estim\u00e9e":"4 minutes"},"schema":{"@context":"https:\/\/schema.org","@graph":[{"@type":"WebPage","@id":"https:\/\/www.chaisepro.fr\/blog\/tendance-actuelle-decorer-chambre-en-vert-sauge","url":"https:\/\/www.chaisepro.fr\/blog\/tendance-actuelle-decorer-chambre-en-vert-sauge","name":"Tendance 2023: d\u00e9corer sa chambre en vert sauge | Chaisepro.fr","isPartOf":{"@id":"https:\/\/www.chaisepro.fr\/blog\/#website"},"primaryImageOfPage":{"@id":"https:\/\/www.chaisepro.fr\/blog\/tendance-actuelle-decorer-chambre-en-vert-sauge#primaryimage"},"image":{"@id":"https:\/\/www.chaisepro.fr\/blog\/tendance-actuelle-decorer-chambre-en-vert-sauge#primaryimage"},"thumbnailUrl":"https:\/\/www.chaisepro.fr\/blog\/wp-content\/uploads\/2023\/06\/composicion-elegante-interior-sala-estar-moderna-mock-up-poster-frame-estante-madera-sofa-moderno-accesorios-personales-creativos-pared-eucalipto-home-staging-plantilla-espacio-copia-1.jpg","datePublished":"2024-01-24T09:00:30+00:00","dateModified":"2024-01-24T09:00:31+00:00","author":{"@id":"https:\/\/www.chaisepro.fr\/blog\/#\/schema\/person\/b6d13981da3469b18ec3bbe1033b4e7a"},"description":"D\u00e9couvrez la tendance vert sauge dans la d\u00e9coration de chambre. Cr\u00e9ez un espace styl\u00e9 avec des accessoires et un paravent vintage.","breadcrumb":{"@id":"https:\/\/www.chaisepro.fr\/blog\/tendance-actuelle-decorer-chambre-en-vert-sauge#breadcrumb"},"inLanguage":"fr-FR","potentialAction":[{"@type":"ReadAction","target":["https:\/\/www.chaisepro.fr\/blog\/tendance-actuelle-decorer-chambre-en-vert-sauge"]}]},{"@type":"ImageObject","inLanguage":"fr-FR","@id":"https:\/\/www.chaisepro.fr\/blog\/tendance-actuelle-decorer-chambre-en-vert-sauge#primaryimage","url":"https:\/\/www.chaisepro.fr\/blog\/wp-content\/uploads\/2023\/06\/composicion-elegante-interior-sala-estar-moderna-mock-up-poster-frame-estante-madera-sofa-moderno-accesorios-personales-creativos-pared-eucalipto-home-staging-plantilla-espacio-copia-1.jpg","contentUrl":"https:\/\/www.chaisepro.fr\/blog\/wp-content\/uploads\/2023\/06\/composicion-elegante-interior-sala-estar-moderna-mock-up-poster-frame-estante-madera-sofa-moderno-accesorios-personales-creativos-pared-eucalipto-home-staging-plantilla-espacio-copia-1.jpg","width":1200,"height":800,"caption":"chambre-vert-sauge"},{"@type":"BreadcrumbList","@id":"https:\/\/www.chaisepro.fr\/blog\/tendance-actuelle-decorer-chambre-en-vert-sauge#breadcrumb","itemListElement":[{"@type":"ListItem","position":1,"name":"Blog","item":"https:\/\/www.chaisepro.fr\/blog"},{"@type":"ListItem","position":2,"name":"Conseils","item":"https:\/\/www.chaisepro.fr\/blog\/category\/conseils"},{"@type":"ListItem","position":3,"name":"La tendance du vert sauge dans la d\u00e9coration de chambre"}]},{"@type":"WebSite","@id":"https:\/\/www.chaisepro.fr\/blog\/#website","url":"https:\/\/www.chaisepro.fr\/blog\/","name":"","description":"Un blog d\u00e9co et mobilier","potentialAction":[{"@type":"SearchAction","target":{"@type":"EntryPoint","urlTemplate":"https:\/\/www.chaisepro.fr\/blog\/?s={search_term_string}"},"query-input":"required name=search_term_string"}],"inLanguage":"fr-FR"},{"@type":"Person","@id":"https:\/\/www.chaisepro.fr\/blog\/#\/schema\/person\/b6d13981da3469b18ec3bbe1033b4e7a","name":"Ofisillas","image":{"@type":"ImageObject","inLanguage":"fr-FR","@id":"https:\/\/www.chaisepro.fr\/blog\/#\/schema\/person\/image\/","url":"https:\/\/secure.gravatar.com\/avatar\/58abb3c7f37d0677232868b0a63dfe6d?s=96&d=mm&r=g","contentUrl":"https:\/\/secure.gravatar.com\/avatar\/58abb3c7f37d0677232868b0a63dfe6d?s=96&d=mm&r=g","caption":"Ofisillas"},"sameAs":["http:\/\/www.ofisillas.es\/"],"url":"https:\/\/www.chaisepro.fr\/blog\/author\/admin"}]}},"_links":{"self":[{"href":"https:\/\/www.chaisepro.fr\/blog\/wp-json\/wp\/v2\/posts\/2820"}],"collection":[{"href":"https:\/\/www.chaisepro.fr\/blog\/wp-json\/wp\/v2\/posts"}],"about":[{"href":"https:\/\/www.chaisepro.fr\/blog\/wp-json\/wp\/v2\/types\/post"}],"author":[{"embeddable":true,"href":"https:\/\/www.chaisepro.fr\/blog\/wp-json\/wp\/v2\/users\/1"}],"replies":[{"embeddable":true,"href":"https:\/\/www.chaisepro.fr\/blog\/wp-json\/wp\/v2\/comments?post=2820"}],"version-history":[{"count":1,"href":"https:\/\/www.chaisepro.fr\/blog\/wp-json\/wp\/v2\/posts\/2820\/revisions"}],"predecessor-version":[{"id":2821,"href":"https:\/\/www.chaisepro.fr\/blog\/wp-json\/wp\/v2\/posts\/2820\/revisions\/2821"}],"wp:featuredmedia":[{"embeddable":true,"href":"https:\/\/www.chaisepro.fr\/blog\/wp-json\/wp\/v2\/media\/2682"}],"wp:attachment":[{"href":"https:\/\/www.chaisepro.fr\/blog\/wp-json\/wp\/v2\/media?parent=2820"}],"wp:term":[{"taxonomy":"category","embeddable":true,"href":"https:\/\/www.chaisepro.fr\/blog\/wp-json\/wp\/v2\/categories?post=2820"},{"taxonomy":"post_tag","embeddable":true,"href":"https:\/\/www.chaisepro.fr\/blog\/wp-json\/wp\/v2\/tags?post=2820"}],"curies":[{"name":"wp","href":"https:\/\/api.w.org\/{rel}","templated":true}]}}